{"id":60,"date":"2022-11-13T04:26:00","date_gmt":"2022-11-13T04:26:00","guid":{"rendered":"https:\/\/rockforum-nottuln.de\/?p=60"},"modified":"2023-02-05T09:27:12","modified_gmt":"2023-02-05T09:27:12","slug":"auf-wiedersehen-im-maerz-2022","status":"publish","type":"post","link":"https:\/\/rockforum-nottuln.de\/?p=60","title":{"rendered":"ES GEHT WEITER"},"content":{"rendered":"\n<p><\/p>\n\n\n\n<p>Freunde der Rocknacht,<\/p>\n\n\n\n<p>nun ist es also amtlich &#8211; wir k\u00f6nnen weitermachen! Die Rocknacht lebt.<img decoding=\"async\" src=\"https:\/\/cdn.gmxpro.net\/cdn\/mail\/client\/wicket\/resource\/static-res\/---\/mc\/img\/smileys\/default\/s_33.gif\"><br><br><br>Obwohl im letzten Herbst noch kommuniziert wurde, dass es keinen neuen P\u00e4chter bei Denter geben wird, ist das Gegenteil  nun doch eingetreten. Ab\u00a0sofort l\u00e4uft der Saal bei Denter weiter unter der Leitung von Holger Rosenboom, Inhaber des Hotel Restaurants Rosenboom in der Burgstra\u00dfe 39 in Nottuln. Sein Wunsch ist es, den letzten gro\u00dfen Saal der Gemeinde den  Nottulner B\u00fcrgern f\u00fcr gro\u00dfe Feien zur Verf\u00fcgung zu stellen.\u00a0<\/p>\n\n\n\n<p>Auf die Rocknacht freut er sich schon sehr.<\/p>\n\n\n\n<p>Feiern wir also weiter. <br><strong>Wir rocken am 11. M\u00e4rz<\/strong><\/p>\n\n\n\n<p>Weitere gro\u00dfe \u00c4nderungen wird es wahrscheinlich nicht geben.<\/p>\n\n\n\n<p>Sollte es noch wichtige Neuigkeiten geben, werde ich euch informieren.<\/p>\n\n\n\n<p>Jetzt hei\u00dft es erstmal die gute Nachricht zu genie\u00dfen. Bis bald.<\/p>\n\n\n\n<p>Gr\u00fc\u00dfe\u00a0an alle\u00a0<\/p>\n\n\n\n<p>Gestartet wird die Rocknacht wie immer um 20 Uhr mit einem \u201eBest-of-Specials\u201c.<\/p>\n\n\n\n<p>Ab 21 Uhr dann rocken wir dann wieder die Baumberge. Mit einer neuen Lichtanlage wollen wir f\u00fcr einen stimmungsvollen Abend sorgen. Rock vom Feinsten ist angesagt. Rock von A wie AC\/DC bis Z wie ZZ TOP\u201c. Hauptsache Rock, Hauptsache Tanzen! Ob \u201eHardrock\u201c oder \u201eRock of Heart\u201c, alles ist dabei bis 2 Uhr nachts. Nat\u00fcrlich mit Bands wie Deep Purple, Steppenwolf, AC\/DC, Black Sabbath, Pink Floyd, den Rolling Stones, Jethro Tull und vielen mehr.<\/p>\n\n\n\n<p>Der Eintritt zur Rocknacht betr\u00e4gt 5 Euro.<\/p>\n\n\n\n<p>Mit dem Nachtbus N 8 ist die Rocknacht bequem sowohl aus M\u00fcnster als auch aus dem M\u00fcnsterland erreichbar. Allerdings ist der aktuelle Fahrplan zu beachten.<\/p>\n\n\n\n<p><strong><br><\/strong><\/p>\n","protected":false},"excerpt":{"rendered":"<p>Freunde der Rocknacht, nun ist es also amtlich &#8211; wir k\u00f6nnen weitermachen! Die Rocknacht lebt. Obwohl im letzten Herbst noch kommuniziert wurde, dass es keinen neuen P\u00e4chter bei Denter geben wird, ist das Gegenteil nun doch eingetreten. Ab\u00a0sofort l\u00e4uft der Saal bei Denter weiter unter der Leitung von Holger Rosenboom, Inhaber des Hotel Restaurants Rosenboom &hellip; <\/p>\n<p class=\"link-more\"><a href=\"https:\/\/rockforum-nottuln.de\/?p=60\" class=\"more-link\"><span class=\"screen-reader-text\">\u201eES GEHT WEITER\u201c<\/span> weiterlesen<\/a><\/p>\n","protected":false},"author":1,"featured_media":0,"comment_status":"open","ping_status":"open","sticky":false,"template":"","format":"standard","meta":{"footnotes":""},"categories":[5],"tags":[],"_links":{"self":[{"href":"https:\/\/rockforum-nottuln.de\/index.php?rest_route=\/wp\/v2\/posts\/60"}],"collection":[{"href":"https:\/\/rockforum-nottuln.de\/index.php?rest_route=\/wp\/v2\/posts"}],"about":[{"href":"https:\/\/rockforum-nottuln.de\/index.php?rest_route=\/wp\/v2\/types\/post"}],"author":[{"embeddable":true,"href":"https:\/\/rockforum-nottuln.de\/index.php?rest_route=\/wp\/v2\/users\/1"}],"replies":[{"embeddable":true,"href":"https:\/\/rockforum-nottuln.de\/index.php?rest_route=%2Fwp%2Fv2%2Fcomments&post=60"}],"version-history":[{"count":9,"href":"https:\/\/rockforum-nottuln.de\/index.php?rest_route=\/wp\/v2\/posts\/60\/revisions"}],"predecessor-version":[{"id":291,"href":"https:\/\/rockforum-nottuln.de\/index.php?rest_route=\/wp\/v2\/posts\/60\/revisions\/291"}],"wp:attachment":[{"href":"https:\/\/rockforum-nottuln.de\/index.php?rest_route=%2Fwp%2Fv2%2Fmedia&parent=60"}],"wp:term":[{"taxonomy":"category","embeddable":true,"href":"https:\/\/rockforum-nottuln.de\/index.php?rest_route=%2Fwp%2Fv2%2Fcategories&post=60"},{"taxonomy":"post_tag","embeddable":true,"href":"https:\/\/rockforum-nottuln.de\/index.php?rest_route=%2Fwp%2Fv2%2Ftags&post=60"}],"curies":[{"name":"wp","href":"https:\/\/api.w.org\/{rel}","templated":true}]}}